{"id":20576,"date":"2023-12-07T11:07:25","date_gmt":"2023-12-07T10:07:25","guid":{"rendered":"https:\/\/www.lebenshilfe-witten.de\/?p=20576"},"modified":"2026-04-27T13:04:17","modified_gmt":"2026-04-27T11:04:17","slug":"feier-zum-tag-des-ehren-amtes","status":"publish","type":"post","link":"https:\/\/www.lebenshilfe-witten.de\/ls\/feier-zum-tag-des-ehren-amtes\/","title":{"rendered":"Feier zum Tag des Ehren-Amtes"},"content":{"rendered":"<!-- RS_MODULE_CODE_2.4.4 --><div id=\"readspeaker_button20576\" class=\"rs_skip rsbtn rs_preserve\"><a class=\"rsbtn_play\" title=\"Um den Text anzuh&ouml;ren, verwenden Sie bitte ReadSpeaker\" accesskey=\"L\" href=\"\/\/app-eu.readspeaker.com\/cgi-bin\/rsent?customerid=10905&amp;lang=de_de&amp;readid=rspeak_read_20576&amp;url=https%3A%2F%2Fwww.lebenshilfe-witten.de%2Fls%2Fwp-json%2Fwp%2Fv2%2Fposts%2F20576\">\r\n        <span class=\"rsbtn_left rsimg rspart\"><span class=\"rsbtn_text\"><span>Vorlesen<\/span><\/span><\/span>\r\n        <span class=\"rsbtn_right rsimg rsplay rspart\"><\/span>\r\n        <\/a><\/div><div id=\"rspeak_read_20576\"><p>Am 5. Dezember ist der inter-nationale Tag des Ehrenamts.<\/p>\n<p>An dem Tag feiern wir Menschen,<\/p>\n<p>die anderen helfen.<\/p>\n<p>Daf\u00fcr bekommen sie kein Geld.<\/p>\n<p>&nbsp;<\/p>\n<p>In Witten hat der B\u00fcrgermeister Lars K\u00f6nig deshalb zu einem gro\u00dfen Fest eingeladen.<\/p>\n<div class=\"wp-block-image\"><img loading=\"lazy\" decoding=\"async\" class=\"wpa-warning wpa-image-missing-alt wp-image-20562  alignright\" src=\"https:\/\/www.lebenshilfe-witten.de\/wp-content\/uploads\/2023\/12\/stadtwerke.avif\" alt=\"v\" width=\"213\" height=\"142\" data-warning=\"Missing alt text\" \/><\/div>\n<p>Auf dem Fest wurden Wittener ausgezeichnet, die sich besonders f\u00fcr andere Menschen einsetzen.<\/p>\n<p>Das Fest war abends im Haus von den Stadtwerken.<\/p>\n<p>Das ist in der Westfalenstra\u00dfe gegen\u00fcber vom Backhaus.<\/p>\n<p>Es gab es etwas zu trinken und etwas Leckeres zu essen.<\/p>\n<p>&nbsp;<\/p>\n<p>3 Personen bekamen eine Ehrennadel und einen Blumenstra\u00df geschenkt,<\/p>\n<p><img loading=\"lazy\" decoding=\"async\" class=\"wpa-warning wpa-image-missing-alt alignright wp-image-20558 \" src=\"https:\/\/www.lebenshilfe-witten.de\/wp-content\/uploads\/2023\/12\/IMG_20231205_185825_edit_2508896771590076.avif\" alt=\"b\" width=\"186\" height=\"215\" data-warning=\"Missing alt text\" \/><\/p>\n<p>weil sie so viel f\u00fcr andere getan haben.<\/p>\n<p>Zum Beispiel:<\/p>\n<p>Eine alte Frau, die seit 30 Jahren in R\u00fcdinghausen<\/p>\n<p>Feiern und Ausfl\u00fcge f\u00fcr \u00e4ltere Frauen plant.<\/p>\n<p>Damit die Frauen nicht mehr so einsam sind.<\/p>\n<p>&nbsp;<\/p>\n<p>3 Vereine bekamen den sogenannten Heimat-Preis und viel Geld geschenkt,<\/p>\n<p>weil ihre Projekte vielen Menschen in Witten helfen.<\/p>\n<p>&nbsp;<\/p>\n<p>Auch die anderen G\u00e4ste an dem Abend waren Menschen,<\/p>\n<div class=\"wp-block-image\"><img loading=\"lazy\" decoding=\"async\" class=\"wpa-warning wpa-image-missing-alt wp-image-20556  alignright\" src=\"https:\/\/www.lebenshilfe-witten.de\/wp-content\/uploads\/2023\/12\/11828621_L.avif\" alt=\"b\" width=\"231\" height=\"173\" data-warning=\"Missing alt text\" \/><\/div>\n<p>die in Witten viel Gutes tun.<\/p>\n<p>&nbsp;<\/p>\n<p>Einer davon ist Bernd Klo\u00df.<\/p>\n<p>Bernd arbeitet als Honorar-Kraft beim FuD.<\/p>\n<p>Er arbeitet seit 3 Jahren beim FuD.<\/p>\n<p>Viele von Euch kennen Bernd von Freizeiten, Feiern oder aus den Kursen.<\/p>\n<p>Bernd hilft auch oft am Wochenende in den Wohnheimen.<\/p>\n<p>&nbsp;<\/p>\n<p>Er ist immer freundlich und hilfsbereit.<\/p>\n<div class=\"wp-block-image\"><img loading=\"lazy\" decoding=\"async\" class=\"wpa-warning wpa-image-missing-alt alignright wp-image-20560 size-medium\" src=\"https:\/\/www.lebenshilfe-witten.de\/wp-content\/uploads\/2023\/12\/IMG_20231205_195308-scaled.avif\" alt=\"v\" width=\"174\" height=\"300\" data-warning=\"Missing alt text\" \/><\/div>\n<p>Alle arbeiten sehr gerne mit ihm zusammen.<\/p>\n<p>Wir finden:<\/p>\n<p>Es ist toll, dass der B\u00fcrgermeister durch seine Einladung auch Bernd ehrt.<\/p>\n<p>&nbsp;<\/p>\n<p>Bernd steht damit auch f\u00fcr 150 andere Honorarkr\u00e4fte,<\/p>\n<p>ohne die bei der Lebenshilfe vieles nicht klappt.<\/p>\n<p>Sch\u00f6n, dass sie alle uns so sehr unterst\u00fctzen.<\/p>\n<p><strong>Vielen Dank an alle Honorarkr\u00e4ften f\u00fcr ihre wertvolle Arbeit.<\/strong><\/p>\n<\/div>","protected":false},"excerpt":{"rendered":"<!-- RS_MODULE_CODE_2.4.4 --><div id=\"readspeaker_button20576\" class=\"rs_skip rsbtn rs_preserve\"><a class=\"rsbtn_play\" title=\"Um den Text anzuh&ouml;ren, verwenden Sie bitte ReadSpeaker\" accesskey=\"L\" href=\"\/\/app-eu.readspeaker.com\/cgi-bin\/rsent?customerid=10905&amp;lang=de_de&amp;readid=rspeak_read_20576&amp;url=https%3A%2F%2Fwww.lebenshilfe-witten.de%2Fls%2Fwp-json%2Fwp%2Fv2%2Fposts%2F20576\">\r\n        <span class=\"rsbtn_left rsimg rspart\"><span class=\"rsbtn_text\"><span>Vorlesen<\/span><\/span><\/span>\r\n        <span class=\"rsbtn_right rsimg rsplay rspart\"><\/span>\r\n        <\/a><\/div><div id=\"rspeak_read_20576\"><p> Am 5. Dezember ist der inter-nationale Tag des Ehrenamts. An dem Tag feiern wir Menschen, die anderen helfen. Daf\u00fcr<\/p>\n<\/div><a class=\"margin_30 btn\" href=\"https:\/\/www.lebenshilfe-witten.de\/ls\/feier-zum-tag-des-ehren-amtes\/\" >Mehr lesen<\/a>","protected":false},"author":6,"featured_media":20575,"comment_status":"closed","ping_status":"closed","sticky":false,"template":"","format":"standard","meta":{"footnotes":""},"categories":[109],"tags":[],"class_list":["post-20576","post","type-post","status-publish","format-standard","has-post-thumbnail","hentry","category-archiv-ls"],"_links":{"self":[{"href":"https:\/\/www.lebenshilfe-witten.de\/ls\/wp-json\/wp\/v2\/posts\/20576","targetHints":{"allow":["GET"]}}],"collection":[{"href":"https:\/\/www.lebenshilfe-witten.de\/ls\/wp-json\/wp\/v2\/posts"}],"about":[{"href":"https:\/\/www.lebenshilfe-witten.de\/ls\/wp-json\/wp\/v2\/types\/post"}],"author":[{"embeddable":true,"href":"https:\/\/www.lebenshilfe-witten.de\/ls\/wp-json\/wp\/v2\/users\/6"}],"replies":[{"embeddable":true,"href":"https:\/\/www.lebenshilfe-witten.de\/ls\/wp-json\/wp\/v2\/comments?post=20576"}],"version-history":[{"count":2,"href":"https:\/\/www.lebenshilfe-witten.de\/ls\/wp-json\/wp\/v2\/posts\/20576\/revisions"}],"predecessor-version":[{"id":30032,"href":"https:\/\/www.lebenshilfe-witten.de\/ls\/wp-json\/wp\/v2\/posts\/20576\/revisions\/30032"}],"wp:featuredmedia":[{"embeddable":true,"href":"https:\/\/www.lebenshilfe-witten.de\/ls\/wp-json\/wp\/v2\/media\/20575"}],"wp:attachment":[{"href":"https:\/\/www.lebenshilfe-witten.de\/ls\/wp-json\/wp\/v2\/media?parent=20576"}],"wp:term":[{"taxonomy":"category","embeddable":true,"href":"https:\/\/www.lebenshilfe-witten.de\/ls\/wp-json\/wp\/v2\/categories?post=20576"},{"taxonomy":"post_tag","embeddable":true,"href":"https:\/\/www.lebenshilfe-witten.de\/ls\/wp-json\/wp\/v2\/tags?post=20576"}],"curies":[{"name":"wp","href":"https:\/\/api.w.org\/{rel}","templated":true}]}}