{"id":20716,"date":"2023-12-13T13:03:13","date_gmt":"2023-12-13T12:03:13","guid":{"rendered":"https:\/\/www.lebenshilfe-witten.de\/?p=20716"},"modified":"2026-04-27T11:15:27","modified_gmt":"2026-04-27T09:15:27","slug":"abschied-fuer-herrn-koenig","status":"publish","type":"post","link":"https:\/\/www.lebenshilfe-witten.de\/ls\/abschied-fuer-herrn-koenig\/","title":{"rendered":"Abschied f\u00fcr Herrn K\u00f6nig"},"content":{"rendered":"<div class=\"wpb-content-wrapper\"><!-- RS_MODULE_CODE_2.4.4 --><div id=\"readspeaker_button20716\" class=\"rs_skip rsbtn rs_preserve\"><a class=\"rsbtn_play\" title=\"Um den Text anzuh&ouml;ren, verwenden Sie bitte ReadSpeaker\" accesskey=\"L\" href=\"\/\/app-eu.readspeaker.com\/cgi-bin\/rsent?customerid=10905&amp;lang=de_de&amp;readid=rspeak_read_20716&amp;url=https%3A%2F%2Fwww.lebenshilfe-witten.de%2Fls%2Fwp-json%2Fwp%2Fv2%2Fposts%2F20716\">\r\n        <span class=\"rsbtn_left rsimg rspart\"><span class=\"rsbtn_text\"><span>Vorlesen<\/span><\/span><\/span>\r\n        <span class=\"rsbtn_right rsimg rsplay rspart\"><\/span>\r\n        <\/a><\/div><div id=\"rspeak_read_20716\"><p>[vc_row][vc_column][vc_column_text]<span style=\"font-size: 14pt;\">Am 12. Dezember gab es eine gro\u00dfe Feier im Pflanzraum.<\/span><\/p>\n<p>&nbsp;<\/p>\n<p><span style=\"font-size: 14pt;\">Es war die Abschiedsfeier f\u00fcr Herrn K\u00f6nig.<\/span><\/p>\n<div class=\"wp-block-image\"><img loading=\"lazy\" decoding=\"async\" class=\"wpa-warning wpa-image-missing-alt alignright wp-image-20722 \" src=\"https:\/\/www.lebenshilfe-witten.de\/wp-content\/uploads\/2023\/12\/DSCF9364-224x300.jpg\" alt=\"p\" width=\"146\" height=\"196\" data-warning=\"Missing alt text\" srcset=\"https:\/\/www.lebenshilfe-witten.de\/wp-content\/uploads\/2023\/12\/DSCF9364-224x300.jpg 224w, https:\/\/www.lebenshilfe-witten.de\/wp-content\/uploads\/2023\/12\/DSCF9364-765x1024.jpg 765w, https:\/\/www.lebenshilfe-witten.de\/wp-content\/uploads\/2023\/12\/DSCF9364-768x1028.jpg 768w, https:\/\/www.lebenshilfe-witten.de\/wp-content\/uploads\/2023\/12\/DSCF9364-1147x1536.jpg 1147w, https:\/\/www.lebenshilfe-witten.de\/wp-content\/uploads\/2023\/12\/DSCF9364-1529x2048.jpg 1529w, https:\/\/www.lebenshilfe-witten.de\/wp-content\/uploads\/2023\/12\/DSCF9364-scaled.jpg 1912w\" sizes=\"auto, (max-width: 146px) 100vw, 146px\" \/><\/div>\n<p>&nbsp;<\/p>\n<p><span style=\"font-size: 14pt;\">Er geht in Rente.<\/span><\/p>\n<p>&nbsp;<\/p>\n<p><span style=\"font-size: 14pt;\">Viele Menschen waren da.<\/span><\/p>\n<p>&nbsp;<\/p>\n<p><span style=\"font-size: 14pt;\">Es wurden viele Lieder gesungen.<\/span><\/p>\n<p>&nbsp;<\/p>\n<p><span style=\"font-size: 14pt;\">POPCORN war auch dabei.<\/span><\/p>\n<div class=\"wp-block-image\"><img loading=\"lazy\" decoding=\"async\" class=\"wpa-warning wpa-image-missing-alt alignright wp-image-20756 \" src=\"https:\/\/www.lebenshilfe-witten.de\/wp-content\/uploads\/2023\/12\/DSCF9409-300x300.jpg\" alt=\"n\" width=\"180\" height=\"180\" data-warning=\"Missing alt text\" srcset=\"https:\/\/www.lebenshilfe-witten.de\/wp-content\/uploads\/2023\/12\/DSCF9409-300x300.jpg 300w, https:\/\/www.lebenshilfe-witten.de\/wp-content\/uploads\/2023\/12\/DSCF9409-1024x1019.jpg 1024w, https:\/\/www.lebenshilfe-witten.de\/wp-content\/uploads\/2023\/12\/DSCF9409-150x150.jpg 150w, https:\/\/www.lebenshilfe-witten.de\/wp-content\/uploads\/2023\/12\/DSCF9409-768x764.jpg 768w, https:\/\/www.lebenshilfe-witten.de\/wp-content\/uploads\/2023\/12\/DSCF9409-1536x1528.jpg 1536w, https:\/\/www.lebenshilfe-witten.de\/wp-content\/uploads\/2023\/12\/DSCF9409-2048x2038.jpg 2048w, https:\/\/www.lebenshilfe-witten.de\/wp-content\/uploads\/2023\/12\/DSCF9409-650x650.jpg 650w\" sizes=\"auto, (max-width: 180px) 100vw, 180px\" \/><\/div>\n<p>&nbsp;<\/p>\n<p><span style=\"font-size: 14pt;\">Herr K\u00f6nig bekam viele tolle Geschenke.<\/span><\/p>\n<p>&nbsp;<\/p>\n<p><span style=\"font-size: 14pt;\">Er hat sich bei allen bedankt.<\/span><\/p>\n<p>&nbsp;<\/p>\n<p><span style=\"font-size: 14pt;\">Und jedem eine Tafel Schokolade geschenkt.<\/span><\/p>\n<p>&nbsp;<\/p>\n<p><span style=\"font-size: 14pt;\">Es war eine richtig tolle Feier.<\/span><\/p>\n<div class=\"wp-block-image\"><img loading=\"lazy\" decoding=\"async\" class=\"wpa-warning wpa-image-missing-alt alignleft wp-image-20806 size-medium\" src=\"https:\/\/www.lebenshilfe-witten.de\/wp-content\/uploads\/2023\/12\/DSCF9501-300x213.jpg\" alt=\"j\" width=\"300\" height=\"213\" data-warning=\"Missing alt text\" srcset=\"https:\/\/www.lebenshilfe-witten.de\/wp-content\/uploads\/2023\/12\/DSCF9501-300x213.jpg 300w, https:\/\/www.lebenshilfe-witten.de\/wp-content\/uploads\/2023\/12\/DSCF9501-1024x727.jpg 1024w, https:\/\/www.lebenshilfe-witten.de\/wp-content\/uploads\/2023\/12\/DSCF9501-768x545.jpg 768w, https:\/\/www.lebenshilfe-witten.de\/wp-content\/uploads\/2023\/12\/DSCF9501-1536x1090.jpg 1536w, https:\/\/www.lebenshilfe-witten.de\/wp-content\/uploads\/2023\/12\/DSCF9501-2048x1453.jpg 2048w\" sizes=\"auto, (max-width: 300px) 100vw, 300px\" \/><\/div>\n<p>[\/vc_column_text][\/vc_column][\/vc_row][vc_row][vc_column][vc_gallery type=&#8220;image_grid&#8220; images=&#8220;20718,20720,20722,20724,20726,20728,20730,20732,20734,20736,20738,20740,20742,20744,20746,20748,20750,20752,20754,20756,20758,20760,20762,20764,20766,20768,20770,20772,20774,20776,20778,20780,20782,20784,20786,20788,20790,20792,20794,20796,20798,20800,20802,20804,20806,20808,20810,20812,20814,20816,20818,20820,20822,20824,20826,20828,20830,20832,20834,20836&#8243;][\/vc_column][\/vc_row]<\/p>\n<\/div><\/div>","protected":false},"excerpt":{"rendered":"<!-- RS_MODULE_CODE_2.4.4 --><div id=\"readspeaker_button20716\" class=\"rs_skip rsbtn rs_preserve\"><a class=\"rsbtn_play\" title=\"Um den Text anzuh&ouml;ren, verwenden Sie bitte ReadSpeaker\" accesskey=\"L\" href=\"\/\/app-eu.readspeaker.com\/cgi-bin\/rsent?customerid=10905&amp;lang=de_de&amp;readid=rspeak_read_20716&amp;url=https%3A%2F%2Fwww.lebenshilfe-witten.de%2Fls%2Fwp-json%2Fwp%2Fv2%2Fposts%2F20716\">\r\n        <span class=\"rsbtn_left rsimg rspart\"><span class=\"rsbtn_text\"><span>Vorlesen<\/span><\/span><\/span>\r\n        <span class=\"rsbtn_right rsimg rsplay rspart\"><\/span>\r\n        <\/a><\/div><div id=\"rspeak_read_20716\"><p> [vc_row][vc_column][vc_column_text]Am 12. Dezember gab es eine gro\u00dfe Feier im Pflanzraum. &nbsp; Es war die Abschiedsfeier f\u00fcr Herrn K\u00f6nig. &nbsp;<\/p>\n<\/div><a class=\"margin_30 btn\" href=\"https:\/\/www.lebenshilfe-witten.de\/ls\/abschied-fuer-herrn-koenig\/\" >Mehr lesen<\/a>","protected":false},"author":6,"featured_media":20720,"comment_status":"closed","ping_status":"closed","sticky":false,"template":"","format":"standard","meta":{"footnotes":""},"categories":[],"tags":[],"class_list":["post-20716","post","type-post","status-publish","format-standard","has-post-thumbnail","hentry"],"_links":{"self":[{"href":"https:\/\/www.lebenshilfe-witten.de\/ls\/wp-json\/wp\/v2\/posts\/20716","targetHints":{"allow":["GET"]}}],"collection":[{"href":"https:\/\/www.lebenshilfe-witten.de\/ls\/wp-json\/wp\/v2\/posts"}],"about":[{"href":"https:\/\/www.lebenshilfe-witten.de\/ls\/wp-json\/wp\/v2\/types\/post"}],"author":[{"embeddable":true,"href":"https:\/\/www.lebenshilfe-witten.de\/ls\/wp-json\/wp\/v2\/users\/6"}],"replies":[{"embeddable":true,"href":"https:\/\/www.lebenshilfe-witten.de\/ls\/wp-json\/wp\/v2\/comments?post=20716"}],"version-history":[{"count":2,"href":"https:\/\/www.lebenshilfe-witten.de\/ls\/wp-json\/wp\/v2\/posts\/20716\/revisions"}],"predecessor-version":[{"id":20843,"href":"https:\/\/www.lebenshilfe-witten.de\/ls\/wp-json\/wp\/v2\/posts\/20716\/revisions\/20843"}],"wp:featuredmedia":[{"embeddable":true,"href":"https:\/\/www.lebenshilfe-witten.de\/ls\/wp-json\/wp\/v2\/media\/20720"}],"wp:attachment":[{"href":"https:\/\/www.lebenshilfe-witten.de\/ls\/wp-json\/wp\/v2\/media?parent=20716"}],"wp:term":[{"taxonomy":"category","embeddable":true,"href":"https:\/\/www.lebenshilfe-witten.de\/ls\/wp-json\/wp\/v2\/categories?post=20716"},{"taxonomy":"post_tag","embeddable":true,"href":"https:\/\/www.lebenshilfe-witten.de\/ls\/wp-json\/wp\/v2\/tags?post=20716"}],"curies":[{"name":"wp","href":"https:\/\/api.w.org\/{rel}","templated":true}]}}