{"id":22834,"date":"2024-12-10T09:50:05","date_gmt":"2024-12-10T08:50:05","guid":{"rendered":"https:\/\/www.lebenshilfe-witten.de\/?p=22834"},"modified":"2026-04-27T13:00:26","modified_gmt":"2026-04-27T11:00:26","slug":"das-buero-fuer-leichte-sprache-beim-fest-vom-buergermeiste","status":"publish","type":"post","link":"https:\/\/www.lebenshilfe-witten.de\/ls\/das-buero-fuer-leichte-sprache-beim-fest-vom-buergermeiste\/","title":{"rendered":"Das B\u00fcro f\u00fcr Leichte Sprache beim Fest vom B\u00fcrgermeiste"},"content":{"rendered":"<!-- RS_MODULE_CODE_2.4.4 --><div id=\"readspeaker_button22834\" class=\"rs_skip rsbtn rs_preserve\"><a class=\"rsbtn_play\" title=\"Um den Text anzuh&ouml;ren, verwenden Sie bitte ReadSpeaker\" accesskey=\"L\" href=\"\/\/app-eu.readspeaker.com\/cgi-bin\/rsent?customerid=10905&amp;lang=de_de&amp;readid=rspeak_read_22834&amp;url=https%3A%2F%2Fwww.lebenshilfe-witten.de%2Fls%2Fwp-json%2Fwp%2Fv2%2Fposts%2F22834\">\r\n        <span class=\"rsbtn_left rsimg rspart\"><span class=\"rsbtn_text\"><span>Vorlesen<\/span><\/span><\/span>\r\n        <span class=\"rsbtn_right rsimg rsplay rspart\"><\/span>\r\n        <\/a><\/div><div id=\"rspeak_read_22834\"><p><span style=\"font-size: 14pt;\">Wie jedes Jahr am Ehrenamts-Tag hat der Wittener B\u00fcrgermeister Lars K\u00f6nig<\/span><\/p>\n<p><span style=\"font-size: 14pt;\">Menschen aus Witten zu einem Fest eingeladen.<\/span><\/p>\n<p><span style=\"font-size: 14pt;\">Bei dem Fest werden Menschen mit einem Ehrenamt gefeiert.<\/span><\/p>\n<div class=\"wp-block-image\"><img loading=\"lazy\" decoding=\"async\" class=\"wpa-warning wpa-image-missing-alt  wp-image-16283 alignright\" src=\"https:\/\/www.lebenshilfe-witten.de\/wp-content\/uploads\/2022\/04\/3-1-218x300.png\" alt=\"\" width=\"147\" height=\"202\" data-warning=\"Missing alt text\" srcset=\"https:\/\/www.lebenshilfe-witten.de\/wp-content\/uploads\/2022\/04\/3-1-218x300.png 218w, https:\/\/www.lebenshilfe-witten.de\/wp-content\/uploads\/2022\/04\/3-1.png 363w\" sizes=\"auto, (max-width: 147px) 100vw, 147px\" \/><\/div>\n<p><span style=\"font-size: 14pt;\">Ehrenamt bedeutet: ohne Bezahlung anderen Menschen helfen.<\/span><\/p>\n<p><span style=\"font-size: 14pt;\">6<\/span><span style=\"font-size: 14pt;\">\u00a0 Gruppen haben einen Preis gekriegt.<\/span><\/p>\n<p>&nbsp;<\/p>\n<p><span style=\"font-size: 14pt;\">Auch ein Teil vom Team von unserem B\u00fcro f\u00fcr Leichte Sprache war auf dem Fest dabei:<\/span><\/p>\n<p><span style=\"font-size: 14pt;\">Samira Dr\u00e4bing leitet das B\u00fcro.<\/span><\/p>\n<p><span style=\"font-size: 14pt;\">Sandra Meier, Ludger Eich und Mathias Aschmoneit arbeiten ehrenamtlich als Pr\u00fcfer in dem B\u00fcro.<\/span><\/p>\n<p>&nbsp;<\/p>\n<p><span style=\"font-size: 14pt;\">Es war ein netter Abend.<\/span><\/p>\n<p><span style=\"font-size: 14pt;\">Es gab Live-Musik, Essen f\u00fcr alle und am Ende ein Foto mit dem B\u00fcrgermeister.<\/span><\/p>\n<p>&nbsp;<\/p>\n<div class=\"wp-block-image\"><img loading=\"lazy\" decoding=\"async\" class=\"wpa-warning wpa-image-missing-alt alignnone wp-image-22828 size-large\" src=\"https:\/\/www.lebenshilfe-witten.de\/wp-content\/uploads\/2024\/12\/Ehrenamtsempfang-2024-1.avif\" alt=\"\" width=\"960\" height=\"655\" data-warning=\"Missing alt text\" \/><\/div>\n<\/div>","protected":false},"excerpt":{"rendered":"<!-- RS_MODULE_CODE_2.4.4 --><div id=\"readspeaker_button22834\" class=\"rs_skip rsbtn rs_preserve\"><a class=\"rsbtn_play\" title=\"Um den Text anzuh&ouml;ren, verwenden Sie bitte ReadSpeaker\" accesskey=\"L\" href=\"\/\/app-eu.readspeaker.com\/cgi-bin\/rsent?customerid=10905&amp;lang=de_de&amp;readid=rspeak_read_22834&amp;url=https%3A%2F%2Fwww.lebenshilfe-witten.de%2Fls%2Fwp-json%2Fwp%2Fv2%2Fposts%2F22834\">\r\n        <span class=\"rsbtn_left rsimg rspart\"><span class=\"rsbtn_text\"><span>Vorlesen<\/span><\/span><\/span>\r\n        <span class=\"rsbtn_right rsimg rsplay rspart\"><\/span>\r\n        <\/a><\/div><div id=\"rspeak_read_22834\"><p> Wie jedes Jahr am Ehrenamts-Tag hat der Wittener B\u00fcrgermeister Lars K\u00f6nig Menschen aus Witten zu einem Fest eingeladen. Bei<\/p>\n<\/div><a class=\"margin_30 btn\" href=\"https:\/\/www.lebenshilfe-witten.de\/ls\/das-buero-fuer-leichte-sprache-beim-fest-vom-buergermeiste\/\" >Mehr lesen<\/a>","protected":false},"author":6,"featured_media":22833,"comment_status":"closed","ping_status":"closed","sticky":false,"template":"","format":"standard","meta":{"footnotes":""},"categories":[109],"tags":[],"class_list":["post-22834","post","type-post","status-publish","format-standard","has-post-thumbnail","hentry","category-archiv-ls"],"_links":{"self":[{"href":"https:\/\/www.lebenshilfe-witten.de\/ls\/wp-json\/wp\/v2\/posts\/22834","targetHints":{"allow":["GET"]}}],"collection":[{"href":"https:\/\/www.lebenshilfe-witten.de\/ls\/wp-json\/wp\/v2\/posts"}],"about":[{"href":"https:\/\/www.lebenshilfe-witten.de\/ls\/wp-json\/wp\/v2\/types\/post"}],"author":[{"embeddable":true,"href":"https:\/\/www.lebenshilfe-witten.de\/ls\/wp-json\/wp\/v2\/users\/6"}],"replies":[{"embeddable":true,"href":"https:\/\/www.lebenshilfe-witten.de\/ls\/wp-json\/wp\/v2\/comments?post=22834"}],"version-history":[{"count":2,"href":"https:\/\/www.lebenshilfe-witten.de\/ls\/wp-json\/wp\/v2\/posts\/22834\/revisions"}],"predecessor-version":[{"id":29995,"href":"https:\/\/www.lebenshilfe-witten.de\/ls\/wp-json\/wp\/v2\/posts\/22834\/revisions\/29995"}],"wp:featuredmedia":[{"embeddable":true,"href":"https:\/\/www.lebenshilfe-witten.de\/ls\/wp-json\/wp\/v2\/media\/22833"}],"wp:attachment":[{"href":"https:\/\/www.lebenshilfe-witten.de\/ls\/wp-json\/wp\/v2\/media?parent=22834"}],"wp:term":[{"taxonomy":"category","embeddable":true,"href":"https:\/\/www.lebenshilfe-witten.de\/ls\/wp-json\/wp\/v2\/categories?post=22834"},{"taxonomy":"post_tag","embeddable":true,"href":"https:\/\/www.lebenshilfe-witten.de\/ls\/wp-json\/wp\/v2\/tags?post=22834"}],"curies":[{"name":"wp","href":"https:\/\/api.w.org\/{rel}","templated":true}]}}