{"id":6372,"date":"2018-12-03T14:30:14","date_gmt":"2018-12-03T13:30:14","guid":{"rendered":"https:\/\/www.lebenshilfe-witten.de\/?p=6372\/"},"modified":"2026-04-27T13:12:08","modified_gmt":"2026-04-27T11:12:08","slug":"weihnachtssingen","status":"publish","type":"post","link":"https:\/\/www.lebenshilfe-witten.de\/ls\/weihnachtssingen\/","title":{"rendered":"Weihnachtssingen"},"content":{"rendered":"<!-- RS_MODULE_CODE_2.4.4 --><div id=\"readspeaker_button6372\" class=\"rs_skip rsbtn rs_preserve\"><a class=\"rsbtn_play\" title=\"Um den Text anzuh&ouml;ren, verwenden Sie bitte ReadSpeaker\" accesskey=\"L\" href=\"\/\/app-eu.readspeaker.com\/cgi-bin\/rsent?customerid=10905&amp;lang=de_de&amp;readid=rspeak_read_6372&amp;url=https%3A%2F%2Fwww.lebenshilfe-witten.de%2Fls%2Fwp-json%2Fwp%2Fv2%2Fposts%2F6372\">\r\n        <span class=\"rsbtn_left rsimg rspart\"><span class=\"rsbtn_text\"><span>Vorlesen<\/span><\/span><\/span>\r\n        <span class=\"rsbtn_right rsimg rsplay rspart\"><\/span>\r\n        <\/a><\/div><div id=\"rspeak_read_6372\"><p>Am ersten Wochen-Ende im Dezember war wieder Weihnachts-Singen.<img loading=\"lazy\" decoding=\"async\" class=\"alignright wp-image-6375 size-medium\" src=\"https:\/\/www.lebenshilfe-witten.de\/wp-content\/uploads\/2018\/12\/DSC_0156.avif\" alt=\"\" width=\"300\" height=\"198\" \/><\/p>\n<p>&nbsp;<\/p>\n<p>Das Singen war auf dem Weihnachtsmarkt in Witten.<\/p>\n<p>&nbsp;<\/p>\n<p>Dort gab es eine gro\u00dfe B\u00fchne.<\/p>\n<p>&nbsp;<\/p>\n<p>Auf der B\u00fchne haben Kinder aus den Kitas gesungen.<\/p>\n<p>&nbsp;<\/p>\n<p>Und die Band POPCORN ist aufgetreten.<\/p>\n<p>&nbsp;<\/p>\n<p>Ein Verein f\u00fcr blinde Menschen hat ein Theater-St\u00fcck aufgef\u00fchrt.<\/p>\n<p>&nbsp;<\/p>\n<p>Bei den Liedern konnten alle mitsingen.<img loading=\"lazy\" decoding=\"async\" class=\"size-medium wp-image-6385 alignright\" src=\"https:\/\/www.lebenshilfe-witten.de\/wp-content\/uploads\/2018\/12\/IMG-20181203-WA0000.avif\" alt=\"\" width=\"300\" height=\"169\" \/><\/p>\n<p>&nbsp;<\/p>\n<p>Die Feier war f\u00fcr Menschen mit Behinderung.<\/p>\n<p>&nbsp;<\/p>\n<p>Und auch f\u00fcr Menschen ohne Behinderung.<\/p>\n<p>&nbsp;<\/p>\n<p>Im Dezember ist immer ein besonderer Tag.<\/p>\n<p>&nbsp;<\/p>\n<p>Er hei\u00dft \u201eInternationaler Tag f\u00fcr Menschen mit Behinderung\u201c.<img loading=\"lazy\" decoding=\"async\" class=\"size-medium wp-image-6379 alignright\" src=\"https:\/\/www.lebenshilfe-witten.de\/wp-content\/uploads\/2018\/12\/DSC_0175.avif\" alt=\"\" width=\"300\" height=\"198\" \/><\/p>\n<p>&nbsp;<\/p>\n<p>An diesem Tag soll man an Menschen mit Behinderung denken.<\/p>\n<p>&nbsp;<\/p>\n<p>Und schauen, ob es ihnen gut geht.<\/p>\n<p>&nbsp;<\/p>\n<p>Deshalb gab es in Witten das Weihnachts-Singen.<\/p>\n<p>&nbsp;<\/p>\n<p>Alle gemeinsam hatten viel Spa\u00df!<\/p>\n<\/div>","protected":false},"excerpt":{"rendered":"<!-- RS_MODULE_CODE_2.4.4 --><div id=\"readspeaker_button6372\" class=\"rs_skip rsbtn rs_preserve\"><a class=\"rsbtn_play\" title=\"Um den Text anzuh&ouml;ren, verwenden Sie bitte ReadSpeaker\" accesskey=\"L\" href=\"\/\/app-eu.readspeaker.com\/cgi-bin\/rsent?customerid=10905&amp;lang=de_de&amp;readid=rspeak_read_6372&amp;url=https%3A%2F%2Fwww.lebenshilfe-witten.de%2Fls%2Fwp-json%2Fwp%2Fv2%2Fposts%2F6372\">\r\n        <span class=\"rsbtn_left rsimg rspart\"><span class=\"rsbtn_text\"><span>Vorlesen<\/span><\/span><\/span>\r\n        <span class=\"rsbtn_right rsimg rsplay rspart\"><\/span>\r\n        <\/a><\/div><div id=\"rspeak_read_6372\"><p> Am ersten Wochen-Ende im Dezember war wieder Weihnachts-Singen. &nbsp; Das Singen war auf dem Weihnachtsmarkt in Witten. &nbsp; Dort<\/p>\n<\/div><a class=\"margin_30 btn\" href=\"https:\/\/www.lebenshilfe-witten.de\/ls\/weihnachtssingen\/\" >Mehr lesen<\/a>","protected":false},"author":6,"featured_media":6381,"comment_status":"closed","ping_status":"closed","sticky":false,"template":"","format":"standard","meta":{"footnotes":""},"categories":[109],"tags":[],"class_list":["post-6372","post","type-post","status-publish","format-standard","has-post-thumbnail","hentry","category-archiv-ls"],"_links":{"self":[{"href":"https:\/\/www.lebenshilfe-witten.de\/ls\/wp-json\/wp\/v2\/posts\/6372","targetHints":{"allow":["GET"]}}],"collection":[{"href":"https:\/\/www.lebenshilfe-witten.de\/ls\/wp-json\/wp\/v2\/posts"}],"about":[{"href":"https:\/\/www.lebenshilfe-witten.de\/ls\/wp-json\/wp\/v2\/types\/post"}],"author":[{"embeddable":true,"href":"https:\/\/www.lebenshilfe-witten.de\/ls\/wp-json\/wp\/v2\/users\/6"}],"replies":[{"embeddable":true,"href":"https:\/\/www.lebenshilfe-witten.de\/ls\/wp-json\/wp\/v2\/comments?post=6372"}],"version-history":[{"count":4,"href":"https:\/\/www.lebenshilfe-witten.de\/ls\/wp-json\/wp\/v2\/posts\/6372\/revisions"}],"predecessor-version":[{"id":30043,"href":"https:\/\/www.lebenshilfe-witten.de\/ls\/wp-json\/wp\/v2\/posts\/6372\/revisions\/30043"}],"wp:featuredmedia":[{"embeddable":true,"href":"https:\/\/www.lebenshilfe-witten.de\/ls\/wp-json\/wp\/v2\/media\/6381"}],"wp:attachment":[{"href":"https:\/\/www.lebenshilfe-witten.de\/ls\/wp-json\/wp\/v2\/media?parent=6372"}],"wp:term":[{"taxonomy":"category","embeddable":true,"href":"https:\/\/www.lebenshilfe-witten.de\/ls\/wp-json\/wp\/v2\/categories?post=6372"},{"taxonomy":"post_tag","embeddable":true,"href":"https:\/\/www.lebenshilfe-witten.de\/ls\/wp-json\/wp\/v2\/tags?post=6372"}],"curies":[{"name":"wp","href":"https:\/\/api.w.org\/{rel}","templated":true}]}}